{"id":23530,"date":"2021-04-08T05:18:12","date_gmt":"2021-04-08T05:18:12","guid":{"rendered":"https:\/\/grupodeeventos.com.br\/afinal-qual-o-tamanho-ideal-de-um-estande-veja-aqui\/"},"modified":"2021-04-08T05:18:12","modified_gmt":"2021-04-08T05:18:12","slug":"afinal-qual-o-tamanho-ideal-de-um-estande-veja-aqui","status":"publish","type":"post","link":"https:\/\/pulzohost.com.br\/clientes\/grupoeventos\/2021\/04\/08\/afinal-qual-o-tamanho-ideal-de-um-estande-veja-aqui\/","title":{"rendered":"Afinal, qual o tamanho ideal de um estande? Veja aqui!"},"content":{"rendered":"<p>Voc\u00ea est\u00e1 \u00e0s voltas com a prepara\u00e7\u00e3o de um evento, decidiu que seu neg\u00f3cio vai ter um <a href=\"https:\/\/www.grupodeeventos.com.br\/\">estande<\/a> nele, mas est\u00e1 preso em uma quest\u00e3o: qual o tamanho ideal de um estande? Pensando nisso, elaboramos uma s\u00e9rie de crit\u00e9rios que, aplicados a determinados tipos de eventos e possibilidades, v\u00e3o dar a dimens\u00e3o exata do tamanho do espa\u00e7o que voc\u00ea precisa.<\/p>\n<p>S\u00e3o an\u00e1lises que consideram o tamanho da a\u00e7\u00e3o, sua localiza\u00e7\u00e3o, or\u00e7amento dispon\u00edvel e o n\u00famero de pessoas que v\u00e3o circular pelo espa\u00e7o. Tudo para que voc\u00ea tenha o melhor custo-benef\u00edcio e fa\u00e7a do seu estande um sucesso. Continue lendo, entenda esses crit\u00e9rios e defina o tamanho do seu agora mesmo!<\/p>\n<h2><strong>Atente-se ao tamanho do evento<\/strong><\/h2>\n<p>Uma das primeiras observa\u00e7\u00f5es na hora de definir o tamanho do seu espa\u00e7o \u00e9 saber o porte&nbsp;do evento que vai abrig\u00e1-lo. \u00c9 um grande evento? O quanto ele deve retornar para a sua marca\/produto? Vai fidelizar clientes ou fazer novas vendas?<\/p>\n<p>Se voc\u00ea respondeu com grau de import\u00e2ncia alto para cada uma dessas perguntas, \u00e9 hora de investir em um espa\u00e7o que possa impressionar esses clientes em potencial, que possa exibir sua marca em grande estilo e que tenha uma <a href=\"https:\/\/grupodeeventos.com.br\/estender-500-palavras-veja-13-dicas-de-como-montar-um-estande-para-feiras-e-exposicoes\/\">boa localiza\u00e7\u00e3o no evento<\/a> \u2014 j\u00e1 que n\u00e3o adianta ter um grande espa\u00e7o que seja escondido.<\/p>\n<h2><strong>Tenha um espa\u00e7o adequado para abrigar pessoas e produtos<\/strong><\/h2>\n<p>O que voc\u00ea vai expor? Quantos funcion\u00e1rios e clientes v\u00e3o ficar no seu espa\u00e7o? Quantas pessoas devem circular pelo <a href=\"https:\/\/www.grupodeeventos.com.br\/\">stand<\/a> durante a realiza\u00e7\u00e3o do evento? Com essas novas perguntas em mente, voc\u00ea vai conseguir mensurar um espa\u00e7o adequado para que todos tenham conforto. Assim,&nbsp;seus clientes ficam impressionados com sua ambienta\u00e7\u00e3o e podem ver e ouvir tudo o que est\u00e1 sendo dito sobre sua marca ou produto.<\/p>\n<h2><strong>Veja qual o tamanho ideal de um estande e seu or\u00e7amento<\/strong><\/h2>\n<p>Pensar em um espa\u00e7o amplo, bonito e cheio de modernidades \u00e9 o sonho de qualquer expositor de eventos. Contudo, nem sempre \u00e9 poss\u00edvel realiz\u00e1-lo por causa do or\u00e7amento. Neste sentido, temos que respeitar os valores dispon\u00edveis para a realiza\u00e7\u00e3o da ideia, mas nunca perder de vista quais as melhores op\u00e7\u00f5es dentro dos valores em m\u00e3os.<\/p>\n<p>A dica aqui \u00e9 fazer as melhores escolhas que o seu dinheiro pode comprar. Observe em escala de import\u00e2ncia:<\/p>\n<ul>\n<li>espa\u00e7o adequado para os seus produtos \u2014 tente garantir um espa\u00e7o m\u00ednimo e condizente com o que voc\u00ea quer mostrar. <a href=\"https:\/\/grupodeeventos.com.br\/5-erros-na-divulgacao-de-estandes-que-voce-nao-ira-cometer\/\">Nada de coisas amontoadas<\/a>, sem visibilidade e exibi\u00e7\u00e3o que n\u00e3o valorize a marca;<\/li>\n<li>localiza\u00e7\u00e3o privilegiada \u2014 n\u00e3o adianta garantir um super estande, mas que fica no fim da feira e que o seu cliente dificilmente vai visitar. Principalmente em se tratando de um evento de grandes dimens\u00f5es, onde&nbsp;se tem que andar muito. Se n\u00e3o puder pegar um espa\u00e7o logo no in\u00edcio do evento, tente ao menos na regi\u00e3o central para ter certeza de que seu investimento vai fazer voc\u00ea ser visto;<\/li>\n<li>exposi\u00e7\u00e3o adequada da marca \u2014 como voc\u00ea quer que sua marca seja reconhecida no mercado? De forma arrojada, moderna? Mais tradicional e s\u00f3lida?<\/li>\n<\/ul>\n<p>Esses conceitos podem parecer um pouco distantes em um primeiro momento, mas se concretizam&nbsp;na cabe\u00e7a dos clientes com a exposi\u00e7\u00e3o adequada da marca. Se sua op\u00e7\u00e3o for por uma a\u00e7\u00e3o mais moderna, lembre-se de trazer esse ar para o seu estande. Coloque m\u00f3veis, <a href=\"https:\/\/grupodeeventos.com.br\/entenda-porque-e-importante-fazer-um-projeto-de-stand-para-a-empresa\/\">decora\u00e7\u00e3o e identidade visual<\/a> que remetam a essa ideia. Seja coerente na hora de expor sua marca obtendo o melhor que o seu dinheiro pode comprar.<\/p>\n<p>Como vimos, definir qual o tamanho ideal de um estande n\u00e3o \u00e9 s\u00f3 uma quest\u00e3o de ter ou n\u00e3o um or\u00e7amento dispon\u00edvel, mas de saber o que \u00e9 o melhor que ele pode comprar. Analise o evento em que voc\u00ea vai expor, qual o seu tamanho e import\u00e2ncia para os neg\u00f3cios e monte&nbsp;um ideal de estande.<\/p>\n<p>Um evento maior&nbsp;pede um investimento maior, que deve contemplar um espa\u00e7o adequado para o seu fim, bem localizado e equipado. De olho nesses crit\u00e9rios, voc\u00ea certamente vai chegar ao espa\u00e7o ideal para o seu neg\u00f3cio, com um estande funcional que o ajude a se destacar da concorr\u00eancia, atraindo mais p\u00fablico para a sua marca.<\/p>\n<p>Se voc\u00ea curtiu essas dicas e orienta\u00e7\u00f5es, que tal compartilhar este artigo nas suas redes sociais?<\/p>\n","protected":false},"excerpt":{"rendered":"<p>Voc\u00ea est\u00e1 \u00e0s voltas com a prepara\u00e7\u00e3o de um evento, decidiu que seu neg\u00f3cio vai ter um estande nele, mas est\u00e1 preso em uma quest\u00e3o: qual o tamanho ideal de um estande? Pensando nisso, elaboramos uma s\u00e9rie de crit\u00e9rios que, aplicados a determinados tipos de eventos e possibilidades, v\u00e3o dar a dimens\u00e3o exata do tamanho [&hellip;]<\/p>\n","protected":false},"author":1,"featured_media":23531,"comment_status":"open","ping_status":"open","sticky":false,"template":"","format":"standard","meta":{"footnotes":""},"categories":[1],"tags":[],"class_list":["post-23530","post","type-post","status-publish","format-standard","has-post-thumbnail","hentry","category-eventos"],"_links":{"self":[{"href":"https:\/\/pulzohost.com.br\/clientes\/grupoeventos\/wp-json\/wp\/v2\/posts\/23530","targetHints":{"allow":["GET"]}}],"collection":[{"href":"https:\/\/pulzohost.com.br\/clientes\/grupoeventos\/wp-json\/wp\/v2\/posts"}],"about":[{"href":"https:\/\/pulzohost.com.br\/clientes\/grupoeventos\/wp-json\/wp\/v2\/types\/post"}],"author":[{"embeddable":true,"href":"https:\/\/pulzohost.com.br\/clientes\/grupoeventos\/wp-json\/wp\/v2\/users\/1"}],"replies":[{"embeddable":true,"href":"https:\/\/pulzohost.com.br\/clientes\/grupoeventos\/wp-json\/wp\/v2\/comments?post=23530"}],"version-history":[{"count":0,"href":"https:\/\/pulzohost.com.br\/clientes\/grupoeventos\/wp-json\/wp\/v2\/posts\/23530\/revisions"}],"wp:featuredmedia":[{"embeddable":true,"href":"https:\/\/pulzohost.com.br\/clientes\/grupoeventos\/wp-json\/wp\/v2\/media\/23531"}],"wp:attachment":[{"href":"https:\/\/pulzohost.com.br\/clientes\/grupoeventos\/wp-json\/wp\/v2\/media?parent=23530"}],"wp:term":[{"taxonomy":"category","embeddable":true,"href":"https:\/\/pulzohost.com.br\/clientes\/grupoeventos\/wp-json\/wp\/v2\/categories?post=23530"},{"taxonomy":"post_tag","embeddable":true,"href":"https:\/\/pulzohost.com.br\/clientes\/grupoeventos\/wp-json\/wp\/v2\/tags?post=23530"}],"curies":[{"name":"wp","href":"https:\/\/api.w.org\/{rel}","templated":true}]}}