{"id":22901,"date":"2023-07-14T11:45:00","date_gmt":"2023-07-14T11:45:00","guid":{"rendered":"http:\/\/grupodeeventos.com.br\/?p=22901"},"modified":"2023-07-14T11:45:00","modified_gmt":"2023-07-14T11:45:00","slug":"conheca-agora-as-fachadas-de-estande-que-sao-sucesso-em-feiras","status":"publish","type":"post","link":"https:\/\/pulzohost.com.br\/clientes\/grupoeventos\/2023\/07\/14\/conheca-agora-as-fachadas-de-estande-que-sao-sucesso-em-feiras\/","title":{"rendered":"Conhe\u00e7a agora as fachadas de estande que s\u00e3o sucesso em feiras"},"content":{"rendered":"<p>As feiras de neg\u00f3cios continuam sendo uma excelente oportunidade para prospectar novos clientes e divulgar sua marca e empresa. O <a href=\"https:\/\/grupodeeventos.com.br\/afinal-por-que-o-design-do-estande-importa-tanto\/\">design do estande<\/a> continua sendo um elemento crucial nesse processo, e um dos elementos que influenciam muito nesse momento \u00e9 a fachada, tamb\u00e9m conhecida como testeira.<\/p>\n<p>A fun\u00e7\u00e3o principal da fachada \u00e9 possibilitar que os visitantes do evento reconhe\u00e7am rapidamente a empresa expositora. Essa \u00e9 uma informa\u00e7\u00e3o fundamental que voc\u00ea estar\u00e1 transmitindo por meio do layout e design do seu estande.<\/p>\n<p>Existem dois tipos principais de fachadas: as a\u00e9reas, sustentadas por cabos de a\u00e7o, e as autoportantes, que fazem parte da pr\u00f3pria estrutura do estande. No entanto, as op\u00e7\u00f5es de design s\u00e3o celebradas. Veja a seguir as caracter\u00edsticas dos principais tipos de fachadas.<\/p>\n<h2>Fachadas Redondas ou Circulares<\/h2>\n<p>As testeiras com acabamento arredondado costumam trazer um aspecto mais moderno ao estande, dispensam as linhas duras e retas comumente usadas e s\u00e3o uma \u00f3tima oportunidade para chamar a aten\u00e7\u00e3o atrav\u00e9s de inova\u00e7\u00e3o e design.<\/p>\n<p>Um ponto a ser observado para esse tipo de testeira \u00e9 que elas exigem um pouco mais de aten\u00e7\u00e3o no acabamento. Um dos materiais mais utilizados no acabamento de estandes \u00e9 a Napa: um tecido sint\u00e9tico de f\u00e1cil aplica\u00e7\u00e3o, por\u00e9m, por ser um tecido nem sempre se d\u00e1 muito bem com estruturas arredondadas.<\/p>\n<p>Uma outra op\u00e7\u00e3o de acabamento para essas estruturas \u00e9 a pintura, a pintura al\u00e9m de ter um \u00f3timo acabamento pode tamb\u00e9m ser solicitada nas cores Pantone da sua empresa. Elas trazem refinamento,\u00a0mas o investimento aqui pode ser consideravelmente maior.<\/p>\n<h2><a href=\"https:\/\/grupodeeventos.com.br\/portfolio\/cosco-shipping\/\"><img fetchpriority=\"high\" decoding=\"async\" class=\"aligncenter wp-image-24433 size-large\" src=\"https:\/\/pulzohost.com.br\/clientes\/grupoeventos\/wp-content\/uploads\/2023\/03\/IMG_4967-min-1024x683.jpg\" alt=\"\" width=\"1024\" height=\"683\" srcset=\"https:\/\/pulzohost.com.br\/clientes\/grupoeventos\/wp-content\/uploads\/2023\/03\/IMG_4967-min-1024x683.jpg 1024w, https:\/\/pulzohost.com.br\/clientes\/grupoeventos\/wp-content\/uploads\/2023\/03\/IMG_4967-min-300x200.jpg 300w, https:\/\/pulzohost.com.br\/clientes\/grupoeventos\/wp-content\/uploads\/2023\/03\/IMG_4967-min-768x512.jpg 768w, https:\/\/pulzohost.com.br\/clientes\/grupoeventos\/wp-content\/uploads\/2023\/03\/IMG_4967-min-1536x1024.jpg 1536w, https:\/\/pulzohost.com.br\/clientes\/grupoeventos\/wp-content\/uploads\/2023\/03\/IMG_4967-min-2048x1365.jpg 2048w\" sizes=\"(max-width: 1024px) 100vw, 1024px\" \/><\/a><\/h2>\n<h2>Fachadas com detalhes de Ilumina\u00e7\u00e3o<\/h2>\n<p>Outra op\u00e7\u00e3o \u00e9 investir na ilumina\u00e7\u00e3o. As testeiras por si s\u00f3 j\u00e1 precisam ser iluminadas, certifique-se que os logos est\u00e3o bem iluminados e que\u00a0caso tenha ilumina\u00e7\u00e3o direcionada para o interior do estande ela n\u00e3o incomode ao visitante ou a sua <a href=\"http:\/\/grupodeeventos.com.br\/como-treinar-sua-equipe-de-vendas-para-participar-de-uma-feira-de-negocios\/\">equipe de vendas<\/a>.<\/p>\n<p>Pain\u00e9is de LED nas testeiras s\u00e3o uma tend\u00eancia. O painel de Led emite muita luminosidade, o que chama a aten\u00e7\u00e3o do visitante. Se o painel de Led for pequeno, at\u00e9 6 metros quadrados, use-o para transmitir a logomarca da sua empresa, alternando com uma ou duas marcas. Aqui a dica \u00e9 cuidar com o conte\u00fado, considere que dificilmente as pessoas ficar\u00e3o paradas no corredor assistindo algum material.<\/p>\n<p>Uma dica bacana e at\u00e9 mais acess\u00edvel s\u00e3o: logos iluminados, imagens retroiluminadas, podemos ainda pensar em detalhes em luz de LED ou at\u00e9 mesmo uma faixa que percorra a testeira inteiramente. J\u00e1 pensou em criar um aplicativo para seu evento onde o visitante possa trocar as cores que iluminam a sua fachada?<\/p>\n<h2><a href=\"https:\/\/grupodeeventos.com.br\/portfolio\/bio-scie\/\"><img decoding=\"async\" class=\"aligncenter wp-image-24236 size-large\" src=\"https:\/\/pulzohost.com.br\/clientes\/grupoeventos\/wp-content\/uploads\/2022\/07\/Bio-Scie_202211-1024x818.jpg\" alt=\"\" width=\"1024\" height=\"818\" srcset=\"https:\/\/pulzohost.com.br\/clientes\/grupoeventos\/wp-content\/uploads\/2022\/07\/Bio-Scie_202211-1024x818.jpg 1024w, https:\/\/pulzohost.com.br\/clientes\/grupoeventos\/wp-content\/uploads\/2022\/07\/Bio-Scie_202211-300x240.jpg 300w, https:\/\/pulzohost.com.br\/clientes\/grupoeventos\/wp-content\/uploads\/2022\/07\/Bio-Scie_202211-768x614.jpg 768w, https:\/\/pulzohost.com.br\/clientes\/grupoeventos\/wp-content\/uploads\/2022\/07\/Bio-Scie_202211.jpg 1280w\" sizes=\"(max-width: 1024px) 100vw, 1024px\" \/><\/a><\/h2>\n<h2>Fachadas Integradas ao Design<\/h2>\n<p>Uma op\u00e7\u00e3o que cresce aos olhos do visitante s\u00e3o as testeiras que conseguem se integrar <a href=\"http:\/\/grupodeeventos.com.br\/afinal-por-que-o-design-do-estande-importa-tanto\/\">design<\/a> do estande t\u00e3o bem que seu equil\u00edbrio visual \u00e9 por si s\u00f3 motivo suficiente para parar e apreciar. Combinado com outros elementos visualmente divertidos o estande se transforma numa atra\u00e7\u00e3o.<\/p>\n<h2><a href=\"https:\/\/pulzohost.com.br\/clientes\/grupoeventos\/wp-content\/uploads\/2022\/06\/Volk-do-Brasil_20224.jpg\"><img decoding=\"async\" class=\"alignnone wp-image-24221 size-large\" src=\"https:\/\/pulzohost.com.br\/clientes\/grupoeventos\/wp-content\/uploads\/2022\/06\/Volk-do-Brasil_20224-1024x683.jpg\" alt=\"\" width=\"1024\" height=\"683\" srcset=\"https:\/\/pulzohost.com.br\/clientes\/grupoeventos\/wp-content\/uploads\/2022\/06\/Volk-do-Brasil_20224-1024x683.jpg 1024w, https:\/\/pulzohost.com.br\/clientes\/grupoeventos\/wp-content\/uploads\/2022\/06\/Volk-do-Brasil_20224-300x200.jpg 300w, https:\/\/pulzohost.com.br\/clientes\/grupoeventos\/wp-content\/uploads\/2022\/06\/Volk-do-Brasil_20224-768x512.jpg 768w, https:\/\/pulzohost.com.br\/clientes\/grupoeventos\/wp-content\/uploads\/2022\/06\/Volk-do-Brasil_20224-1536x1024.jpg 1536w, https:\/\/pulzohost.com.br\/clientes\/grupoeventos\/wp-content\/uploads\/2022\/06\/Volk-do-Brasil_20224.jpg 1800w\" sizes=\"(max-width: 1024px) 100vw, 1024px\" \/><\/a><\/h2>\n<h2>Fachadas com Vitrines<\/h2>\n<p>Como usar o espa\u00e7o num estande \u00e9, provavelmente, um dos t\u00f3picos mais importantes no planejamento. As necessidades variam e por vezes \u00e9 preciso investir na criatividade para encontrar solu\u00e7\u00f5es que permitam que uma \u00e1rea d\u00ea conta de todas as necessidades de exposi\u00e7\u00e3o do expositor.<\/p>\n<p>Para empresas que necessitem de muito espa\u00e7o para expor seus produtos encontrar a resposta certa pode ser um desafio. Uma sugest\u00e3o aqui \u00e9 usar as estruturas de suporte da fachada como vitrine.<\/p>\n<p><a href=\"http:\/\/grupodeeventos.com.br\/portfolio\/dna-italy\/dna_02\/\" rel=\"attachment wp-att-22757\"><img loading=\"lazy\" decoding=\"async\" class=\"aligncenter wp-image-22757\" src=\"http:\/\/grupodeeventos.com.br\/wp-content\/uploads\/2018\/09\/dna_02.jpg\" alt=\"\" width=\"690\" height=\"552\" srcset=\"https:\/\/pulzohost.com.br\/clientes\/grupoeventos\/wp-content\/uploads\/2018\/09\/dna_02.jpg 2000w, https:\/\/pulzohost.com.br\/clientes\/grupoeventos\/wp-content\/uploads\/2018\/09\/dna_02-300x240.jpg 300w, https:\/\/pulzohost.com.br\/clientes\/grupoeventos\/wp-content\/uploads\/2018\/09\/dna_02-1024x819.jpg 1024w, https:\/\/pulzohost.com.br\/clientes\/grupoeventos\/wp-content\/uploads\/2018\/09\/dna_02-768x614.jpg 768w, https:\/\/pulzohost.com.br\/clientes\/grupoeventos\/wp-content\/uploads\/2018\/09\/dna_02-1536x1229.jpg 1536w\" sizes=\"(max-width: 690px) 100vw, 690px\" \/><\/a><\/p>\n<p>A dica geral \u00e9: busque equil\u00edbrio. Tenha em mente que \u00e9 importante que a fachada siga o design do estande e que independente do que voc\u00ea escolha fazer com ela, ela sempre precisa cumprir sua fun\u00e7\u00e3o principal: possibilitar que sua empresa seja facilmente identificada.<\/p>\n<p>O ditado &#8220;menos \u00e9 mais&#8221; pode ser aplicado aqui. Muitas informa\u00e7\u00f5es na fachada podem confundir e causar estranhamento aos visitantes. Em um ambiente t\u00e3o competitivo como uma feira, isso pode ser fatal.<\/p>\n<p>Outro ponto que pede aten\u00e7\u00e3o \u00e9 a altura da fachada. Nem sempre usar a altura m\u00e1xima permitida faz sentido, estandes pequenos com formatos de box ou esquina, requerem fachadas baixas, altura ideal de 3 a 4 metros. Estandes maiores a 60 metros, com formatos de esquina, ponta de ilha ou ilha podem aproveitar a altura m\u00e1xima permitida.<\/p>\n<p>Saber escolher a fachada que atende seus objetivos em feira pode ser muito mais que apenas definir a apresenta\u00e7\u00e3o de uma empresa, \u00e9\u00a0uma escolha estrat\u00e9gica, levando em considera\u00e7\u00e3o o perfil do evento e dos visitantes, a fim de alcan\u00e7ar com sucesso a meta estabelecida para a participa\u00e7\u00e3o na exposi\u00e7\u00e3o.<\/p>\n<p><label>Gostou do nosso conte\u00fado? Inscreva-se agora para continuar recebendo dicas poderosas sobre feiras e eventos: <\/label><br \/>\n<input name=\"EMAIL\" required=\"\" type=\"email\" placeholder=\"E-mail\" \/><\/p>\n<p><input type=\"submit\" value=\"ENVIAR\" \/><\/p>\n","protected":false},"excerpt":{"rendered":"<p>As feiras de neg\u00f3cios continuam sendo uma excelente oportunidade para prospectar novos clientes e divulgar sua marca e empresa. O design do estande continua sendo um elemento crucial nesse processo, e um dos elementos que influenciam muito nesse momento \u00e9 a fachada, tamb\u00e9m conhecida como testeira. A fun\u00e7\u00e3o principal da fachada \u00e9 possibilitar que os [&hellip;]<\/p>\n","protected":false},"author":1,"featured_media":24433,"comment_status":"open","ping_status":"open","sticky":false,"template":"","format":"standard","meta":{"footnotes":""},"categories":[1,7],"tags":[19,20,21,22],"class_list":["post-22901","post","type-post","status-publish","format-standard","has-post-thumbnail","hentry","category-eventos","category-gestao","tag-design-estande","tag-design-stand","tag-estande","tag-stand"],"_links":{"self":[{"href":"https:\/\/pulzohost.com.br\/clientes\/grupoeventos\/wp-json\/wp\/v2\/posts\/22901","targetHints":{"allow":["GET"]}}],"collection":[{"href":"https:\/\/pulzohost.com.br\/clientes\/grupoeventos\/wp-json\/wp\/v2\/posts"}],"about":[{"href":"https:\/\/pulzohost.com.br\/clientes\/grupoeventos\/wp-json\/wp\/v2\/types\/post"}],"author":[{"embeddable":true,"href":"https:\/\/pulzohost.com.br\/clientes\/grupoeventos\/wp-json\/wp\/v2\/users\/1"}],"replies":[{"embeddable":true,"href":"https:\/\/pulzohost.com.br\/clientes\/grupoeventos\/wp-json\/wp\/v2\/comments?post=22901"}],"version-history":[{"count":0,"href":"https:\/\/pulzohost.com.br\/clientes\/grupoeventos\/wp-json\/wp\/v2\/posts\/22901\/revisions"}],"wp:featuredmedia":[{"embeddable":true,"href":"https:\/\/pulzohost.com.br\/clientes\/grupoeventos\/wp-json\/wp\/v2\/media\/24433"}],"wp:attachment":[{"href":"https:\/\/pulzohost.com.br\/clientes\/grupoeventos\/wp-json\/wp\/v2\/media?parent=22901"}],"wp:term":[{"taxonomy":"category","embeddable":true,"href":"https:\/\/pulzohost.com.br\/clientes\/grupoeventos\/wp-json\/wp\/v2\/categories?post=22901"},{"taxonomy":"post_tag","embeddable":true,"href":"https:\/\/pulzohost.com.br\/clientes\/grupoeventos\/wp-json\/wp\/v2\/tags?post=22901"}],"curies":[{"name":"wp","href":"https:\/\/api.w.org\/{rel}","templated":true}]}}