{"id":444,"date":"2023-10-17T01:27:01","date_gmt":"2023-10-17T01:27:01","guid":{"rendered":"https:\/\/pulzohost.com.br\/clientes\/asterclinica\/?p=444"},"modified":"2023-10-18T17:12:33","modified_gmt":"2023-10-18T20:12:33","slug":"assedio-e-importunacao-voce-pode-ser-uma-vitima","status":"publish","type":"post","link":"https:\/\/pulzohost.com.br\/clientes\/asterclinica\/assedio-e-importunacao-voce-pode-ser-uma-vitima\/","title":{"rendered":"Ass\u00e9dio e Importuna\u00e7\u00e3o, voc\u00ea pode ser uma v\u00edtima!"},"content":{"rendered":"<p id=\"viewer-foo\" class=\"xVISr Y9Dpf bCMSCT OZy-3 lnyWN yMZv8w bCMSCT public-DraftStyleDefault-block-depth0 fixed-tab-size public-DraftStyleDefault-text-ltr\"><span class=\"B2EFF public-DraftStyleDefault-ltr\"><strong>A importuna\u00e7\u00e3o sexual como consequ\u00eancia da objetifica\u00e7\u00e3o da mulher<\/strong><\/span><\/p>\n<p id=\"viewer-2drig\" class=\"xVISr Y9Dpf bCMSCT OZy-3 _40ACk Ecq9kg bCMSCT public-DraftStyleDefault-block-depth0 fixed-tab-size public-DraftStyleDefault-text-ltr\"><span class=\"B2EFF public-DraftStyleDefault-ltr\">Na \u00faltima semana, dia 16 de mar\u00e7o, os participantes do reality show Big Brother Brasil, da Rede Globo, MC Guim\u00ea e Cara de Sapato foram expulsos ap\u00f3s a Delegacia de Atendimento \u00e0 Mulher de Jacarepagu\u00e1 abrir um inqu\u00e9rito para investigar o crime de <strong>importuna\u00e7\u00e3o sexual<\/strong> dentro da casa.<\/span><\/p>\n<p id=\"viewer-erk88\" class=\"xVISr Y9Dpf bCMSCT OZy-3 _40ACk Ecq9kg bCMSCT public-DraftStyleDefault-block-depth0 fixed-tab-size public-DraftStyleDefault-text-ltr\"><span class=\"B2EFF public-DraftStyleDefault-ltr\">Imagens das c\u00e2meras do reality show mostraram os dois participantes insistindo em ter contato f\u00edsico com a atriz e modelo mexicana Dania Mendez durante uma festa realizada na quarta-feira.<\/span><\/p>\n<p id=\"viewer-sso1\" class=\"xVISr Y9Dpf bCMSCT OZy-3 _40ACk Ecq9kg bCMSCT public-DraftStyleDefault-block-depth0 fixed-tab-size public-DraftStyleDefault-text-ltr\"><span class=\"B2EFF public-DraftStyleDefault-ltr\">Em determinado momento da festa, o cantor MC Guim\u00ea passou a m\u00e3o nas costas da mexicana e as deslizou para baixo, encostando em suas n\u00e1degas, <strong>sem o consentimento<\/strong> dela. A atriz tirou as m\u00e3os dele em sinal claro de reprova\u00e7\u00e3o.<\/span><\/p>\n<p id=\"viewer-9dlka\" class=\"xVISr Y9Dpf bCMSCT OZy-3 _40ACk Ecq9kg bCMSCT public-DraftStyleDefault-block-depth0 fixed-tab-size public-DraftStyleDefault-text-ltr\"><span class=\"B2EFF public-DraftStyleDefault-ltr\">Pouco tempo depois, o lutador Ant\u00f4nio Carlos J\u00fanior, conhecido como Cara de Sapato, deita na cama com a mexicana e usa a for\u00e7a para prend\u00ea-la para tentar beij\u00e1-la enquanto cobre os dois com o cobertor. <em>(Fonte: CNN Brasil)<\/em><\/span><\/p>\n<p class=\"xVISr Y9Dpf bCMSCT OZy-3 _40ACk Ecq9kg bCMSCT public-DraftStyleDefault-block-depth0 fixed-tab-size public-DraftStyleDefault-text-ltr\"><span class=\"B2EFF public-DraftStyleDefault-ltr\">Dessa forma, abordaremos abaixo qu\u00e3o <strong>traum\u00e1tico psicologicamente<\/strong> \u00e9 enfrentar esse tipo de comportamento masculino e quais as consequ\u00eancias para o <strong>equilibrio emocional<\/strong> dessas mulheres, al\u00e9m de como buscar ajuda de um <a class=\"TWoY9 itht3\" href=\"https:\/\/www.clinicapsicologiaguarulhos.com.br\/clinica-psiquiatria-guarulhos\" target=\"_blank\" rel=\"noopener noreferrer nofollow\" data-hook=\"linkViewer\"><strong><u class=\"D-jZk\">psic\u00f3logo<\/u><\/strong><\/a> ou <strong>psiquiatra <\/strong>colaboram para reestabelecer sua sa\u00fade mental em meio a esses epis\u00f3dios de ass\u00e9dio e importuna\u00e7\u00e3o.<\/span><\/p>\n<p id=\"viewer-3i80t\" class=\"xVISr Y9Dpf bCMSCT OZy-3 lnyWN yMZv8w bCMSCT public-DraftStyleDefault-block-depth0 fixed-tab-size public-DraftStyleDefault-text-ltr\"><span class=\"B2EFF public-DraftStyleDefault-ltr\"><strong>Diferen\u00e7as de importuna\u00e7\u00e3o sexual e ass\u00e9dio sexual<\/strong><\/span><\/p>\n<p id=\"viewer-f3sds\" class=\"xVISr Y9Dpf bCMSCT OZy-3 _40ACk Ecq9kg bCMSCT public-DraftStyleDefault-block-depth0 fixed-tab-size public-DraftStyleDefault-text-ltr\"><span class=\"B2EFF public-DraftStyleDefault-ltr\">Segundo o art. 215-A do DL n\u00b0 2.848 de 1940 que o crime de <strong>importuna\u00e7\u00e3o sexual<\/strong> \u00e9 classificado como: \u201cPraticar contra algu\u00e9m e sem a sua anu\u00eancia ato libidinoso com o objetivo de satisfazer a pr\u00f3pria lasc\u00edvia ou a de terceiro\u201d, (BRASIL, Lei n\u00ba 13.718). J\u00e1 o ass\u00e9dio sexual segundo a Lei n\u00b0 12.015 de 2009, art. 213 se d\u00e1 ao: \u201cConstranger algu\u00e9m com o intuito de obter vantagem ou favorecimento sexual, prevalecendo-se o agente da sua condi\u00e7\u00e3o de superior hier\u00e1rquico ou ascend\u00eancia inerentes ao exerc\u00edcio de emprego, cargo ou fun\u00e7\u00e3o\u201d.<\/span><\/p>\n<p id=\"viewer-fvlju\" class=\"xVISr Y9Dpf bCMSCT OZy-3 _40ACk Ecq9kg bCMSCT public-DraftStyleDefault-block-depth0 fixed-tab-size public-DraftStyleDefault-text-ltr\"><span class=\"B2EFF public-DraftStyleDefault-ltr\">A importuna\u00e7\u00e3o sexual engloba desde toques inapropriados, como as \u201cm\u00e3os bobas\u201d e beijos sem consentimento, como os \u201cbeijos roubados\u201d. Uma caracter\u00edstica comum nestes casos \u00e9 que, dos relatos, nota-se que o agressor n\u00e3o faz usos de viol\u00eancia f\u00edsica ou grave amea\u00e7a. Este tipo de crime \u00e9 bastante comum em transportes p\u00fablicos onde o agressor se utiliza da aglomera\u00e7\u00e3o e do confinamento dos coletivos para se aproveitar das v\u00edtimas e realizar apert\u00f5es, passadas de m\u00e3o, \u201cencoxadas\u201d e at\u00e9 mesmo masturba\u00e7\u00e3o e ejacula\u00e7\u00e3o.<\/span><\/p>\n<p id=\"viewer-4fedi\" class=\"xVISr Y9Dpf bCMSCT OZy-3 lnyWN yMZv8w bCMSCT public-DraftStyleDefault-block-depth0 fixed-tab-size public-DraftStyleDefault-text-ltr\"><span class=\"B2EFF public-DraftStyleDefault-ltr\"><strong>Cultura patriarcal no quest\u00e3o do ass\u00e9dio contra a mulher<\/strong><\/span><\/p>\n<p id=\"viewer-ckems\" class=\"xVISr Y9Dpf bCMSCT OZy-3 _40ACk Ecq9kg bCMSCT public-DraftStyleDefault-block-depth0 fixed-tab-size public-DraftStyleDefault-text-ltr\"><span class=\"B2EFF public-DraftStyleDefault-ltr\">Essa conduta est\u00e1 presente na sociedade desde o surgimento da <strong>cultura patriarcal<\/strong>, que al\u00e9m de contribuir para o surgimento da viol\u00eancia, tamb\u00e9m contribuiu para que esta pr\u00e1tica fosse naturalizada pela sociedade.<\/span><\/p>\n<p id=\"viewer-3il99\" class=\"xVISr Y9Dpf bCMSCT OZy-3 _40ACk Ecq9kg bCMSCT public-DraftStyleDefault-block-depth0 fixed-tab-size public-DraftStyleDefault-text-ltr\"><span class=\"B2EFF public-DraftStyleDefault-ltr\">A autora Cunha (2014) descreve que: \u201cA <strong>viol\u00eancia contra a mulher<\/strong> \u00e9 um fen\u00f4meno antigo e, tamb\u00e9m por isso, muito banalizado. Ele se encontra justificado por pressupostos biol\u00f3gicos bem duvidosos, mas infelizmente comuns, que apontam a mulher como ser mais fr\u00e1gil, de menor for\u00e7a f\u00edsica e capacidade racional, que por sua pr\u00f3pria natureza domestic\u00e1vel tem tend\u00eancia a ser dominada, pois necessita de algu\u00e9m para proteg\u00ea-la e orient\u00e1-la.\u201d<\/span><\/p>\n<p id=\"viewer-8i99\" class=\"xVISr Y9Dpf bCMSCT OZy-3 _40ACk Ecq9kg bCMSCT public-DraftStyleDefault-block-depth0 fixed-tab-size public-DraftStyleDefault-text-ltr\"><span class=\"B2EFF public-DraftStyleDefault-ltr\">Ou seja, por conta de suas caracter\u00edsticas biol\u00f3gicas, a mulher \u00e9 vista como um ser que necessita de prote\u00e7\u00e3o e orienta\u00e7\u00e3o, um ser fraco que tem a tend\u00eancia de ser dominado por um homem.<\/span><\/p>\n<p id=\"viewer-a7ugt\" class=\"xVISr Y9Dpf bCMSCT OZy-3 _40ACk Ecq9kg bCMSCT public-DraftStyleDefault-block-depth0 fixed-tab-size public-DraftStyleDefault-text-ltr\"><span class=\"B2EFF public-DraftStyleDefault-ltr\">A sociedade se tornou patriarcal desde quando o homem se tornou sedent\u00e1rio e passou a dominar a produ\u00e7\u00e3o e administrar a propriedade, a partir da inven\u00e7\u00e3o do arado (instrumento agr\u00edcola). Neste momento da hist\u00f3ria, o homem toma consci\u00eancia tamb\u00e9m do seu papel na reprodu\u00e7\u00e3o humana. Este passa a exigir a fidelidade feminina, para que suas heran\u00e7as biol\u00f3gicas e financeiras sejam transmitidas aos filhos. A partir da\u00ed surge a opress\u00e3o feminina, com a subordina\u00e7\u00e3o da <strong>mulher <\/strong>ao direito paterno para garantir a transmiss\u00e3o de sua linhagem e propriedade. Dessa forma, sucedeu a \u201cderrota hist\u00f3rica do g\u00eanero feminino\u201d e o compartilhamento de tarefas, cabendo \u00e0 mulher somente as fun\u00e7\u00f5es da cria\u00e7\u00e3o dos filhos e os cuidados do lar, ficando cada vez mais afastada das fun\u00e7\u00f5es sociais, como por exemplo, o desejo de iniciar e ascender em uma carreira profissional. (AMARAL e PORTO, 2014)<\/span><\/p>\n<p id=\"viewer-cmtka\" class=\"xVISr Y9Dpf bCMSCT OZy-3 _40ACk Ecq9kg bCMSCT public-DraftStyleDefault-block-depth0 fixed-tab-size public-DraftStyleDefault-text-ltr\"><span class=\"B2EFF public-DraftStyleDefault-ltr\">Dito isso, podemos entender que o chefe de fam\u00edlia tinha a posse de todos aqueles que estavam sob seu poder e quem estava sob este controle e dom\u00ednio era tido como objeto de sua propriedade. O chefe de fam\u00edlia tinha o livre dom\u00ednio daqueles que estavam sob seu poder, podendo lhes atribuir quaisquer finalidades.<\/span><\/p>\n<p id=\"viewer-76f7o\" class=\"xVISr Y9Dpf bCMSCT OZy-3 _40ACk Ecq9kg bCMSCT public-DraftStyleDefault-block-depth0 fixed-tab-size public-DraftStyleDefault-text-ltr\"><span class=\"B2EFF public-DraftStyleDefault-ltr\">Apesar da evolu\u00e7\u00e3o constante da sociedade, o patriarcado ainda se encontra presente e enraizado no nosso meio social, isto \u00e9 confirmado no dia a dia com a desvaloriza\u00e7\u00e3o de tudo relacionado ao feminino e at\u00e9 mesmo com a naturaliza\u00e7\u00e3o da objetifica\u00e7\u00e3o das mulheres pelos homens, especialmente com vistas \u00e0s quest\u00f5es sexuais, seja no espa\u00e7o p\u00fablico ou no privado.<\/span><\/p>\n<p id=\"viewer-9hd7i\" class=\"xVISr Y9Dpf bCMSCT OZy-3 lnyWN yMZv8w bCMSCT public-DraftStyleDefault-block-depth0 fixed-tab-size public-DraftStyleDefault-text-ltr\"><span class=\"B2EFF public-DraftStyleDefault-ltr\"><strong>Objetifica\u00e7\u00e3o da mulher e auto-objetifica\u00e7\u00e3o<\/strong><\/span><\/p>\n<p id=\"viewer-p7c3\" class=\"xVISr Y9Dpf bCMSCT OZy-3 _40ACk Ecq9kg bCMSCT public-DraftStyleDefault-block-depth0 fixed-tab-size public-DraftStyleDefault-text-ltr\"><span class=\"B2EFF public-DraftStyleDefault-ltr\">A objetifica\u00e7\u00e3o \u00e9 definida pelo dicion\u00e1rio como: A\u00e7\u00e3o de considerar como um objeto. Sendo assim, consiste em analisar um indiv\u00edduo a n\u00edvel de objeto, a ser usado e descartado quando conv\u00e9m, sem considerar seu <strong>estado emocional<\/strong> ou <strong>psicol\u00f3gico<\/strong>. Quando falamos de objetifica\u00e7\u00e3o do corpo feminino estamos nos referindo \u00e0 banaliza\u00e7\u00e3o da imagem da <strong>mulher <\/strong>com um objeto de prazer, ou seja, a apar\u00eancia das mulheres importa mais do que todos os outros aspectos que as definem enquanto indiv\u00edduos.<\/span><\/p>\n<p id=\"viewer-ul8d\" class=\"xVISr Y9Dpf bCMSCT OZy-3 _40ACk Ecq9kg bCMSCT public-DraftStyleDefault-block-depth0 fixed-tab-size public-DraftStyleDefault-text-ltr\"><span class=\"B2EFF public-DraftStyleDefault-ltr\">Um resultado desse fato \u00e9 a auto-objetifica\u00e7\u00e3o da mulher. Mulheres que vivem em ambientes de objetifica\u00e7\u00e3o est\u00e3o expostas a isso e tendem a se auto-objetificar por aprenderem assim e transmitirem o que aprenderam, algumas chegam a objetificar outras mulheres. Este fen\u00f4meno causa danos na autoestima, autoconfian\u00e7a e tamb\u00e9m na socializa\u00e7\u00e3o das mulheres.<\/span><\/p>\n<p id=\"viewer-cqd73\" class=\"xVISr Y9Dpf bCMSCT OZy-3 _40ACk Ecq9kg bCMSCT public-DraftStyleDefault-block-depth0 fixed-tab-size public-DraftStyleDefault-text-ltr\"><span class=\"B2EFF public-DraftStyleDefault-ltr\">Em sua pesquisa publicada na <a class=\"TWoY9 itht3\" href=\"https:\/\/www.psychologicalscience.org\/news\/releases\/self-objectification-may-inhibit-womens-social-activism.html\" target=\"_blank\" rel=\"noopener noreferrer nofollow\" data-hook=\"linkViewer\"><strong><em><u class=\"D-jZk\">Psychological Science Calogero<\/u><\/em><\/strong><\/a> (2013) abordou que mulheres que apresentam altos n\u00edveis de auto-objetifica\u00e7\u00e3o tendem a ser menos ativas socialmente. A mulher se objetifica por conta da cultura patriarcal que compreende que a mulher precisa satisfazer sexualmente o homem, o impacto disso no <strong>comportamento <\/strong>de muitas mulheres \u00e9 de se empenhar em tornar seus corpos sexualmente atraentes. Algumas passam por procedimentos est\u00e9ticos apenas para atingir expectativas do homem, que por muitas vezes n\u00e3o s\u00e3o frutos de sua pr\u00f3pria vontade. Enxergar seu pr\u00f3prio corpo e o corpo de outras mulheres como objetos de satisfa\u00e7\u00e3o do desejo sexual masculino \u00e9 parte do processo de auto-objetifica\u00e7\u00e3o. <\/span><\/p>\n<p id=\"viewer-2h9l3\" class=\"xVISr Y9Dpf bCMSCT OZy-3 _40ACk Ecq9kg bCMSCT public-DraftStyleDefault-block-depth0 fixed-tab-size public-DraftStyleDefault-text-ltr\"><span class=\"B2EFF public-DraftStyleDefault-ltr\"><strong>Exemplos de objetifica\u00e7\u00e3o e auto-objetifica\u00e7\u00e3o:<\/strong><\/span><\/p>\n<p id=\"viewer-8kuk4\" class=\"xVISr Y9Dpf bCMSCT OZy-3 _40ACk Ecq9kg bCMSCT public-DraftStyleDefault-block-depth0 fixed-tab-size public-DraftStyleDefault-text-ltr\"><span class=\"B2EFF public-DraftStyleDefault-ltr\">\u25cf <em> \u201cN\u00e3o corte o cabelo porque o homem n\u00e3o gosta de cabelo curto\u201d;<\/em><\/span><\/p>\n<p id=\"viewer-fgrd\" class=\"xVISr Y9Dpf bCMSCT OZy-3 _40ACk Ecq9kg bCMSCT public-DraftStyleDefault-block-depth0 fixed-tab-size public-DraftStyleDefault-text-ltr\"><span class=\"B2EFF public-DraftStyleDefault-ltr\"><em>\u25cf \u201cQuero seios maiores porque sei que assim vou ser notada pelos homens\u201d;<\/em><\/span><\/p>\n<p id=\"viewer-4gkpt\" class=\"xVISr Y9Dpf bCMSCT OZy-3 _40ACk Ecq9kg bCMSCT public-DraftStyleDefault-block-depth0 fixed-tab-size public-DraftStyleDefault-text-ltr\"><span class=\"B2EFF public-DraftStyleDefault-ltr\"><em>\u25cf \u201cEle passou a m\u00e3o em mim, mas \u00e9 normal porque homens n\u00e3o se cont\u00e9m mesmo\u201d<\/em><\/span><\/p>\n<p id=\"viewer-8baev\" class=\"xVISr Y9Dpf bCMSCT OZy-3 _40ACk Ecq9kg bCMSCT public-DraftStyleDefault-block-depth0 fixed-tab-size public-DraftStyleDefault-text-ltr\"><span class=\"B2EFF public-DraftStyleDefault-ltr\"><em>\u25cf \u201cEst\u00e1 vendo ela est\u00e1 com roupa para chamar homem, depois n\u00e3o pode reclamar\u201d.<\/em><\/span><\/p>\n<p id=\"viewer-5ovl\" class=\"xVISr Y9Dpf bCMSCT OZy-3 _40ACk Ecq9kg bCMSCT public-DraftStyleDefault-block-depth0 fixed-tab-size public-DraftStyleDefault-text-ltr\"><span class=\"B2EFF public-DraftStyleDefault-ltr\">Atualmente est\u00e1 sendo notado um aumento das den\u00fancias de <strong>ass\u00e9dio sexual<\/strong> \u00e9 algo que deve ser observado como um alerta, pois \u00e9 poss\u00edvel concluir que as campanhas de conscientiza\u00e7\u00e3o t\u00eam surtido impactos positivos. Para isso, para cortar o ciclo do <strong>machismo <\/strong>e viol\u00eancia em uma sociedade que relativiza esses <strong>comportamentos <\/strong>\u00e9 necess\u00e1rio dar voz e aumentar a autonomia das mulheres.<\/span><\/p>\n<p id=\"viewer-1jub5\" class=\"xVISr Y9Dpf bCMSCT OZy-3 _40ACk Ecq9kg bCMSCT public-DraftStyleDefault-block-depth0 fixed-tab-size public-DraftStyleDefault-text-ltr\"><span class=\"B2EFF public-DraftStyleDefault-ltr\">A vulgariza\u00e7\u00e3o e normaliza\u00e7\u00e3o da <strong>importuna\u00e7\u00e3o <\/strong>sexual e do <strong>ass\u00e9dio <\/strong>faz com que muitas mulheres n\u00e3o consigam identificar o ato ou n\u00e3o o considerem. Outras podem pensar que esses <strong>comportamentos <\/strong>fazem parte do perfil masculino e n\u00e3o v\u00e3o mudar, porque o \u201cciclo n\u00e3o tem fim\u201d. Por isso, se faz necess\u00e1rio conscientizar e informar a comunidade sobre algumas pr\u00e1ticas que s\u00e3o naturalizadas e vistas como comuns e as consequ\u00eancias que trazem as mulheres.<\/span><\/p>\n<div data-hook=\"rcv-block29\"><\/div>\n<div id=\"viewer-fs64\" class=\"xVISr Y9Dpf bCMSCT OZy-3 _40ACk Ecq9kg bCMSCT public-DraftStyleDefault-block-depth0 fixed-tab-size public-DraftStyleDefault-text-ltr\"><\/div>\n","protected":false},"excerpt":{"rendered":"<p>A importuna\u00e7\u00e3o sexual como consequ\u00eancia da objetifica\u00e7\u00e3o da mulher Na \u00faltima semana, dia 16 de mar\u00e7o, os participantes do reality show Big Brother Brasil, da Rede Globo, MC Guim\u00ea e Cara de Sapato foram expulsos ap\u00f3s a Delegacia de Atendimento \u00e0 Mulher de Jacarepagu\u00e1 abrir um inqu\u00e9rito para investigar o crime de importuna\u00e7\u00e3o sexual dentro [&hellip;]<\/p>\n","protected":false},"author":1,"featured_media":445,"comment_status":"open","ping_status":"open","sticky":false,"template":"","format":"standard","meta":{"footnotes":""},"categories":[1],"tags":[],"class_list":["post-444","post","type-post","status-publish","format-standard","has-post-thumbnail","hentry","category-blog"],"_links":{"self":[{"href":"https:\/\/pulzohost.com.br\/clientes\/asterclinica\/wp-json\/wp\/v2\/posts\/444","targetHints":{"allow":["GET"]}}],"collection":[{"href":"https:\/\/pulzohost.com.br\/clientes\/asterclinica\/wp-json\/wp\/v2\/posts"}],"about":[{"href":"https:\/\/pulzohost.com.br\/clientes\/asterclinica\/wp-json\/wp\/v2\/types\/post"}],"author":[{"embeddable":true,"href":"https:\/\/pulzohost.com.br\/clientes\/asterclinica\/wp-json\/wp\/v2\/users\/1"}],"replies":[{"embeddable":true,"href":"https:\/\/pulzohost.com.br\/clientes\/asterclinica\/wp-json\/wp\/v2\/comments?post=444"}],"version-history":[{"count":1,"href":"https:\/\/pulzohost.com.br\/clientes\/asterclinica\/wp-json\/wp\/v2\/posts\/444\/revisions"}],"predecessor-version":[{"id":446,"href":"https:\/\/pulzohost.com.br\/clientes\/asterclinica\/wp-json\/wp\/v2\/posts\/444\/revisions\/446"}],"wp:featuredmedia":[{"embeddable":true,"href":"https:\/\/pulzohost.com.br\/clientes\/asterclinica\/wp-json\/wp\/v2\/media\/445"}],"wp:attachment":[{"href":"https:\/\/pulzohost.com.br\/clientes\/asterclinica\/wp-json\/wp\/v2\/media?parent=444"}],"wp:term":[{"taxonomy":"category","embeddable":true,"href":"https:\/\/pulzohost.com.br\/clientes\/asterclinica\/wp-json\/wp\/v2\/categories?post=444"},{"taxonomy":"post_tag","embeddable":true,"href":"https:\/\/pulzohost.com.br\/clientes\/asterclinica\/wp-json\/wp\/v2\/tags?post=444"}],"curies":[{"name":"wp","href":"https:\/\/api.w.org\/{rel}","templated":true}]}}