{"id":435,"date":"2023-10-17T01:23:05","date_gmt":"2023-10-17T01:23:05","guid":{"rendered":"https:\/\/pulzohost.com.br\/clientes\/asterclinica\/?p=435"},"modified":"2023-10-18T17:14:22","modified_gmt":"2023-10-18T20:14:22","slug":"tricotilomania-seria-voce-portadora-desse-transtorno","status":"publish","type":"post","link":"https:\/\/pulzohost.com.br\/clientes\/asterclinica\/tricotilomania-seria-voce-portadora-desse-transtorno\/","title":{"rendered":"Tricotilomania &#8211; Seria voc\u00ea portadora desse transtorno?"},"content":{"rendered":"<p id=\"viewer-foo\" class=\"xVISr Y9Dpf bCMSCT OZy-3 _40ACk Ecq9kg bCMSCT public-DraftStyleDefault-block-depth0 fixed-tab-size public-DraftStyleDefault-text-ltr\"><span class=\"B2EFF public-DraftStyleDefault-ltr\">A maneira como n\u00f3s aparentamos \u00e9 um fator determinante para a impress\u00e3o de que as pessoas possam ter sobre n\u00f3s. Visto isso, o autocuidado e a preocupa\u00e7\u00e3o com a nossa apar\u00eancia nos auxiliam a socializar e garantirmos qualidade de vida.<\/span><\/p>\n<p id=\"viewer-b8dr2\" class=\"xVISr Y9Dpf bCMSCT OZy-3 _40ACk Ecq9kg bCMSCT public-DraftStyleDefault-block-depth0 fixed-tab-size public-DraftStyleDefault-text-ltr\"><span class=\"B2EFF public-DraftStyleDefault-ltr\">Por\u00e9m existem pessoas que apresentam o comportamento de arrancar cabelo ou pelos, afetando, a longo prazo, sua apar\u00eancia e seu conv\u00edvio social, pela vergonha do julgamento dos outros por sua apar\u00eancia. Esse comportamento de arrancar cabelo \u00e9 um ind\u00edcio de <strong>tricotilomania<\/strong>.<\/span><\/p>\n<p id=\"viewer-b62mp\" class=\"xVISr Y9Dpf bCMSCT OZy-3 _40ACk Ecq9kg bCMSCT public-DraftStyleDefault-block-depth0 fixed-tab-size public-DraftStyleDefault-text-ltr\"><span class=\"B2EFF public-DraftStyleDefault-ltr\">A <strong>tricotilomania <\/strong>\u00e9 um transtorno onde um indiv\u00edduo costuma arrancar o pr\u00f3prio cabelo de forma regular. Esse comportamento pode se apresentar com a sobrancelha, c\u00edlios ou outras pelos do corpo.<\/span><\/p>\n<p id=\"viewer-3kp7t\" class=\"xVISr Y9Dpf bCMSCT OZy-3 _40ACk Ecq9kg bCMSCT public-DraftStyleDefault-block-depth0 fixed-tab-size public-DraftStyleDefault-text-ltr\"><span class=\"B2EFF public-DraftStyleDefault-ltr\">Ao realizar esse ato, a pessoa danifica o couro cabeludo e pode, consequentemente, gerar danos irrepar\u00e1veis e buracos na regi\u00e3o capilar. A <strong>mania <\/strong>de arrancar cabelo pode variar em frequ\u00eancia e intensidade do ato e a pessoa pode realizar esse ato sem perceber que est\u00e1 realizando-o.<\/span><\/p>\n<p id=\"viewer-fsc4p\" class=\"xVISr Y9Dpf bCMSCT OZy-3 _40ACk Ecq9kg bCMSCT public-DraftStyleDefault-block-depth0 fixed-tab-size public-DraftStyleDefault-text-ltr\"><span class=\"B2EFF public-DraftStyleDefault-ltr\">Estudos mostram que esse transtorno pode tamb\u00e9m estar relacionado com <strong>onicofagia <\/strong>(roer unhas), morder os l\u00e1bios ou com o <strong>transtorno de escoria\u00e7\u00e3o<\/strong> (skin picking). A causa est\u00e1 associada com quest\u00f5es psicol\u00f3gicas como <strong>ansiedade<\/strong>, <strong>depress\u00e3o <\/strong>e com o <strong>transtorno obsessivo compulsivo<\/strong> (<strong>TOC<\/strong>).<\/span><\/p>\n<p id=\"viewer-8jlrg\" class=\"xVISr Y9Dpf bCMSCT OZy-3 _40ACk Ecq9kg bCMSCT public-DraftStyleDefault-block-depth0 fixed-tab-size public-DraftStyleDefault-text-ltr\"><span class=\"B2EFF public-DraftStyleDefault-ltr\">Portanto, ao compreendermos esse transtorno acarreta em preju\u00edzos f\u00edsicos e sociais, \u00e9 necess\u00e1rio buscar profissionais de Psicologia e Psiquiatria para a manuten\u00e7\u00e3o desse transtorno e contribuir, assim, para a melhora na qualidade de vida.<\/span><\/p>\n","protected":false},"excerpt":{"rendered":"<p>A maneira como n\u00f3s aparentamos \u00e9 um fator determinante para a impress\u00e3o de que as pessoas possam ter sobre n\u00f3s. Visto isso, o autocuidado e a preocupa\u00e7\u00e3o com a nossa apar\u00eancia nos auxiliam a socializar e garantirmos qualidade de vida. Por\u00e9m existem pessoas que apresentam o comportamento de arrancar cabelo ou pelos, afetando, a longo [&hellip;]<\/p>\n","protected":false},"author":1,"featured_media":436,"comment_status":"open","ping_status":"open","sticky":false,"template":"","format":"standard","meta":{"footnotes":""},"categories":[1],"tags":[],"class_list":["post-435","post","type-post","status-publish","format-standard","has-post-thumbnail","hentry","category-blog"],"_links":{"self":[{"href":"https:\/\/pulzohost.com.br\/clientes\/asterclinica\/wp-json\/wp\/v2\/posts\/435","targetHints":{"allow":["GET"]}}],"collection":[{"href":"https:\/\/pulzohost.com.br\/clientes\/asterclinica\/wp-json\/wp\/v2\/posts"}],"about":[{"href":"https:\/\/pulzohost.com.br\/clientes\/asterclinica\/wp-json\/wp\/v2\/types\/post"}],"author":[{"embeddable":true,"href":"https:\/\/pulzohost.com.br\/clientes\/asterclinica\/wp-json\/wp\/v2\/users\/1"}],"replies":[{"embeddable":true,"href":"https:\/\/pulzohost.com.br\/clientes\/asterclinica\/wp-json\/wp\/v2\/comments?post=435"}],"version-history":[{"count":2,"href":"https:\/\/pulzohost.com.br\/clientes\/asterclinica\/wp-json\/wp\/v2\/posts\/435\/revisions"}],"predecessor-version":[{"id":1304,"href":"https:\/\/pulzohost.com.br\/clientes\/asterclinica\/wp-json\/wp\/v2\/posts\/435\/revisions\/1304"}],"wp:featuredmedia":[{"embeddable":true,"href":"https:\/\/pulzohost.com.br\/clientes\/asterclinica\/wp-json\/wp\/v2\/media\/436"}],"wp:attachment":[{"href":"https:\/\/pulzohost.com.br\/clientes\/asterclinica\/wp-json\/wp\/v2\/media?parent=435"}],"wp:term":[{"taxonomy":"category","embeddable":true,"href":"https:\/\/pulzohost.com.br\/clientes\/asterclinica\/wp-json\/wp\/v2\/categories?post=435"},{"taxonomy":"post_tag","embeddable":true,"href":"https:\/\/pulzohost.com.br\/clientes\/asterclinica\/wp-json\/wp\/v2\/tags?post=435"}],"curies":[{"name":"wp","href":"https:\/\/api.w.org\/{rel}","templated":true}]}}