{"id":432,"date":"2023-10-17T01:21:41","date_gmt":"2023-10-17T01:21:41","guid":{"rendered":"https:\/\/pulzohost.com.br\/clientes\/asterclinica\/?p=432"},"modified":"2023-10-18T17:14:48","modified_gmt":"2023-10-18T20:14:48","slug":"vacina-e-imunizacao-nao-fique-de-fora","status":"publish","type":"post","link":"https:\/\/pulzohost.com.br\/clientes\/asterclinica\/vacina-e-imunizacao-nao-fique-de-fora\/","title":{"rendered":"Vacina e Imuniza\u00e7\u00e3o. N\u00e3o fique de fora!"},"content":{"rendered":"<p id=\"viewer-foo\" class=\"xVISr Y9Dpf bCMSCT OZy-3 _40ACk Ecq9kg bCMSCT public-DraftStyleDefault-block-depth0 fixed-tab-size public-DraftStyleDefault-text-ltr\"><span class=\"B2EFF public-DraftStyleDefault-ltr\"><strong>Vamos nos imunizar? Tome a Vacina!<\/strong><\/span><\/p>\n<p id=\"viewer-e1j93\" class=\"xVISr Y9Dpf bCMSCT OZy-3 _40ACk Ecq9kg bCMSCT public-DraftStyleDefault-block-depth0 fixed-tab-size public-DraftStyleDefault-text-ltr\"><span class=\"B2EFF public-DraftStyleDefault-ltr\">O dia 9 de junho \u00e9 um dia designado a respeito de <strong>imuniza\u00e7\u00e3o, <\/strong>atrav\u00e9s da<strong> vacina\u00e7\u00e3o<\/strong>. Profissionais da sa\u00fade desenvolvem de novos estudos e consequentemente, nos permite melhora na nossa qualidade vida. Ao recebermos a <strong>vacina<\/strong>, ficamos protegidos de doen\u00e7as infecciosas ao fortalecer nosso sistema imunol\u00f3gico. <\/span><\/p>\n<p id=\"viewer-1k396\" class=\"xVISr Y9Dpf bCMSCT OZy-3 _40ACk Ecq9kg bCMSCT public-DraftStyleDefault-block-depth0 fixed-tab-size public-DraftStyleDefault-text-ltr\"><span class=\"B2EFF public-DraftStyleDefault-ltr\">A imuniza\u00e7\u00e3o deve estar sempre em debate para conscientizar crian\u00e7as, adolescente e adultos sobre a sua relev\u00e2ncia. Pois, aos termos acesso \u00e0 informa\u00e7\u00e3o fidedigna e realizarmos o ato de se vacinar, estamos promovendo melhores condi\u00e7\u00f5es de vida a longo prazo.<\/span><\/p>\n<p id=\"viewer-4t5tb\" class=\"xVISr Y9Dpf bCMSCT OZy-3 _40ACk Ecq9kg bCMSCT public-DraftStyleDefault-block-depth0 fixed-tab-size public-DraftStyleDefault-text-ltr\"><span class=\"B2EFF public-DraftStyleDefault-ltr\">Devemos, tamb\u00e9m, entender que as vacinas s\u00e3o testadas em laborat\u00f3rios, onde s\u00e3o realizadas pesquisas cient\u00edficas que tenham resultado comprovado antes de serem distribu\u00eddas nos postos de sa\u00fade. Exemplos de <strong>vacinas s\u00e3o contra Gripe<\/strong>, Sarampo, T\u00e9tano e Poliomielite.<\/span><\/p>\n<p id=\"viewer-14t7u\" class=\"xVISr Y9Dpf bCMSCT OZy-3 _40ACk Ecq9kg bCMSCT public-DraftStyleDefault-block-depth0 fixed-tab-size public-DraftStyleDefault-text-ltr\"><span class=\"B2EFF public-DraftStyleDefault-ltr\">Desse modo, ao estarmos vivenciando uma pandemia, onde o <strong>Coronav\u00edrus <\/strong>tem apresentado novas varia\u00e7\u00f5es, \u00e9 extremamente fundamental que fa\u00e7amos a nossa parte de imunizarmos a n\u00f3s mesmos e conscientizar nossos familiares, vizinhos, amigos sobre a relev\u00e2ncia para essa atitude de manter a vacina\u00e7\u00e3o em dia.<\/span><\/p>\n<p id=\"viewer-qpil\" class=\"xVISr Y9Dpf bCMSCT OZy-3 _40ACk Ecq9kg bCMSCT public-DraftStyleDefault-block-depth0 fixed-tab-size public-DraftStyleDefault-text-ltr\"><span class=\"B2EFF public-DraftStyleDefault-ltr\">A <strong>vacina\u00e7\u00e3o <\/strong>ganhou ainda mais evid\u00eancia e notoriedade em nossos dias com a pandemia da <strong>covid-19<\/strong>, pois atrav\u00e9s da vacina\u00e7\u00e3o em massa as autoridades de sa\u00fade conseguiu controlar o avan\u00e7o da doen\u00e7a sars cov 2. No Brasil, a cidade de S\u00e3o Paulo ficou conhecida como a capital mundial da vacina contra a covid 19.<\/span><\/p>\n","protected":false},"excerpt":{"rendered":"<p>Vamos nos imunizar? Tome a Vacina! O dia 9 de junho \u00e9 um dia designado a respeito de imuniza\u00e7\u00e3o, atrav\u00e9s da vacina\u00e7\u00e3o. Profissionais da sa\u00fade desenvolvem de novos estudos e consequentemente, nos permite melhora na nossa qualidade vida. Ao recebermos a vacina, ficamos protegidos de doen\u00e7as infecciosas ao fortalecer nosso sistema imunol\u00f3gico. A imuniza\u00e7\u00e3o deve [&hellip;]<\/p>\n","protected":false},"author":1,"featured_media":433,"comment_status":"open","ping_status":"open","sticky":false,"template":"","format":"standard","meta":{"footnotes":""},"categories":[1],"tags":[],"class_list":["post-432","post","type-post","status-publish","format-standard","has-post-thumbnail","hentry","category-blog"],"_links":{"self":[{"href":"https:\/\/pulzohost.com.br\/clientes\/asterclinica\/wp-json\/wp\/v2\/posts\/432","targetHints":{"allow":["GET"]}}],"collection":[{"href":"https:\/\/pulzohost.com.br\/clientes\/asterclinica\/wp-json\/wp\/v2\/posts"}],"about":[{"href":"https:\/\/pulzohost.com.br\/clientes\/asterclinica\/wp-json\/wp\/v2\/types\/post"}],"author":[{"embeddable":true,"href":"https:\/\/pulzohost.com.br\/clientes\/asterclinica\/wp-json\/wp\/v2\/users\/1"}],"replies":[{"embeddable":true,"href":"https:\/\/pulzohost.com.br\/clientes\/asterclinica\/wp-json\/wp\/v2\/comments?post=432"}],"version-history":[{"count":1,"href":"https:\/\/pulzohost.com.br\/clientes\/asterclinica\/wp-json\/wp\/v2\/posts\/432\/revisions"}],"predecessor-version":[{"id":434,"href":"https:\/\/pulzohost.com.br\/clientes\/asterclinica\/wp-json\/wp\/v2\/posts\/432\/revisions\/434"}],"wp:featuredmedia":[{"embeddable":true,"href":"https:\/\/pulzohost.com.br\/clientes\/asterclinica\/wp-json\/wp\/v2\/media\/433"}],"wp:attachment":[{"href":"https:\/\/pulzohost.com.br\/clientes\/asterclinica\/wp-json\/wp\/v2\/media?parent=432"}],"wp:term":[{"taxonomy":"category","embeddable":true,"href":"https:\/\/pulzohost.com.br\/clientes\/asterclinica\/wp-json\/wp\/v2\/categories?post=432"},{"taxonomy":"post_tag","embeddable":true,"href":"https:\/\/pulzohost.com.br\/clientes\/asterclinica\/wp-json\/wp\/v2\/tags?post=432"}],"curies":[{"name":"wp","href":"https:\/\/api.w.org\/{rel}","templated":true}]}}